{"id":66771,"date":"2026-03-11T15:18:46","date_gmt":"2026-03-11T18:18:46","guid":{"rendered":"https:\/\/fenaprf.org.br\/novo\/?p=66771"},"modified":"2026-03-11T15:18:46","modified_gmt":"2026-03-11T18:18:46","slug":"fenaprf-intensifica-mobilizacao-nacional-por-envio-ao-congresso-do-projeto-que-cria-o-fundo-nacional-de-combate-as-organizacoes-criminosas","status":"publish","type":"post","link":"https:\/\/fenaprf.org.br\/novo\/fenaprf-intensifica-mobilizacao-nacional-por-envio-ao-congresso-do-projeto-que-cria-o-fundo-nacional-de-combate-as-organizacoes-criminosas\/","title":{"rendered":"FenaPRF intensifica mobiliza\u00e7\u00e3o nacional por envio ao Congresso do projeto que cria o Fundo Nacional de Combate \u00e0s Organiza\u00e7\u00f5es Criminosas"},"content":{"rendered":"<p>A Federa\u00e7\u00e3o Nacional dos Policiais Rodovi\u00e1rios Federais (FenaPRF) intensificou nesta ter\u00e7a-feira (10\/03) uma mobiliza\u00e7\u00e3o para pressionar o governo federal pelo encaminhamento ao Congresso Nacional do projeto de lei que cria o Fundo Nacional de Combate \u00e0s Organiza\u00e7\u00f5es Criminosas. A entidade considera a proposta estrat\u00e9gica para fortalecer o enfrentamento ao crime organizado no pa\u00eds. Nesse contexto, medidas est\u00e3o sendo estudadas, entre elas a possibilidade de decreta\u00e7\u00e3o de estado de alerta em todo o territ\u00f3rio nacional.<\/p>\n<p>Apresentado na gest\u00e3o do ent\u00e3o ministro da Justi\u00e7a, Ricardo Lewandowski, o projeto de lei prev\u00ea, por exemplo, que parte dos recursos destinados ao fundo seja proveniente de bens e valores apreendidos pelas for\u00e7as policiais da Uni\u00e3o. A medida permitiria direcionar esses recursos para a valoriza\u00e7\u00e3o dos profissionais de seguran\u00e7a p\u00fablica e para o fortalecimento da estrutura operacional no combate ao crime organizado.<\/p>\n<p>A FenaPRF destaca ainda que uma de suas principais preocupa\u00e7\u00f5es \u00e9 garantir que os recursos do fundo sejam distribu\u00eddos de forma justa e equ\u00e2nime entre as institui\u00e7\u00f5es de seguran\u00e7a p\u00fablica, observando crit\u00e9rios claros de reparti\u00e7\u00e3o e uma divis\u00e3o equilibrada dos percentuais destinados a cada institui\u00e7\u00e3o. Atualmente, por\u00e9m, a proposta encontra-se paralisada no Minist\u00e9rio da Gest\u00e3o e da Inova\u00e7\u00e3o em Servi\u00e7os P\u00fablicos (MGI).<\/p>\n<p>Diante desse cen\u00e1rio, a FenaPRF refor\u00e7a a import\u00e2ncia da tramita\u00e7\u00e3o da proposta como instrumento estrat\u00e9gico para ampliar a capacidade do Estado no enfrentamento \u00e0s organiza\u00e7\u00f5es criminosas.<\/p>\n<p>A entidade seguir\u00e1 acompanhando o tema e dialogando com as autoridades competentes para que o projeto avance e possa contribuir efetivamente para o fortalecimento da seguran\u00e7a p\u00fablica no pa\u00eds.<\/p>\n","protected":false},"excerpt":{"rendered":"<p>A Federa\u00e7\u00e3o Nacional dos Policiais Rodovi\u00e1rios Federais (FenaPRF) intensificou nesta ter\u00e7a-feira (10\/03) uma mobiliza\u00e7\u00e3o para pressionar o governo federal pelo<span class=\"excerpt-hellip\"> [\u2026]<\/span><\/p>\n","protected":false},"author":14,"featured_media":66772,"comment_status":"closed","ping_status":"open","sticky":false,"template":"","format":"standard","meta":[],"categories":[14,3],"tags":[],"_links":{"self":[{"href":"https:\/\/fenaprf.org.br\/novo\/wp-json\/wp\/v2\/posts\/66771"}],"collection":[{"href":"https:\/\/fenaprf.org.br\/novo\/wp-json\/wp\/v2\/posts"}],"about":[{"href":"https:\/\/fenaprf.org.br\/novo\/wp-json\/wp\/v2\/types\/post"}],"author":[{"embeddable":true,"href":"https:\/\/fenaprf.org.br\/novo\/wp-json\/wp\/v2\/users\/14"}],"replies":[{"embeddable":true,"href":"https:\/\/fenaprf.org.br\/novo\/wp-json\/wp\/v2\/comments?post=66771"}],"version-history":[{"count":1,"href":"https:\/\/fenaprf.org.br\/novo\/wp-json\/wp\/v2\/posts\/66771\/revisions"}],"predecessor-version":[{"id":66774,"href":"https:\/\/fenaprf.org.br\/novo\/wp-json\/wp\/v2\/posts\/66771\/revisions\/66774"}],"wp:featuredmedia":[{"embeddable":true,"href":"https:\/\/fenaprf.org.br\/novo\/wp-json\/wp\/v2\/media\/66772"}],"wp:attachment":[{"href":"https:\/\/fenaprf.org.br\/novo\/wp-json\/wp\/v2\/media?parent=66771"}],"wp:term":[{"taxonomy":"category","embeddable":true,"href":"https:\/\/fenaprf.org.br\/novo\/wp-json\/wp\/v2\/categories?post=66771"},{"taxonomy":"post_tag","embeddable":true,"href":"https:\/\/fenaprf.org.br\/novo\/wp-json\/wp\/v2\/tags?post=66771"}],"curies":[{"name":"wp","href":"https:\/\/api.w.org\/{rel}","templated":true}]}}