{"id":66824,"date":"2026-03-26T09:51:53","date_gmt":"2026-03-26T12:51:53","guid":{"rendered":"https:\/\/fenaprf.org.br\/novo\/?p=66824"},"modified":"2026-03-26T09:52:06","modified_gmt":"2026-03-26T12:52:06","slug":"termo-de-consentimento-para-coleta-de-informacoes-em-acoes-transitadas-em-julgado","status":"publish","type":"post","link":"https:\/\/fenaprf.org.br\/novo\/termo-de-consentimento-para-coleta-de-informacoes-em-acoes-transitadas-em-julgado\/","title":{"rendered":"Termo de Consentimento para Fornecimento e Uso de Dados Pessoais"},"content":{"rendered":"<p>A FenaPRF, buscando conferir maior celeridade e uniformidade ao ajuizamento dos cumprimentos de senten\u00e7a decorrentes de a\u00e7\u00f5es coletivas propostas pela Entidade, disponibilizou Termo de Consentimento para Fornecimento e Uso de Dados Pessoais, documento necess\u00e1rio para a obten\u00e7\u00e3o das informa\u00e7\u00f5es indispens\u00e1veis \u00e0 elabora\u00e7\u00e3o dos c\u00e1lculos nas a\u00e7\u00f5es j\u00e1 transitadas em julgado.<\/p>\n<p>A iniciativa visa evitar o ac\u00famulo de solicita\u00e7\u00f5es individualizadas perante as \u00e1reas de pessoal da PRF, bem como a necessidade de deslocamentos de colegas aposentados e pensionistas na busca dos dados. Al\u00e9m disso, objetiva organizar de forma mais eficiente o recebimento das informa\u00e7\u00f5es, tornando mais c\u00e9lere o processo como um todo. O preenchimento e assinatura do Termo de Consentimento apresenta-se, portanto, como mais uma op\u00e7\u00e3o em favor dos filiados.<\/p>\n<ul>\n<li><em><a href=\"https:\/\/forms.gle\/3gsFEuU7LgzZuSNu8\" target=\"_blank\" rel=\"noopener\"><strong>Clique aqui<\/strong><\/a> para preencher o termo de consentimento<\/em><\/li>\n<\/ul>\n<p>Ressaltamos que o procedimento observa rigorosamente os preceitos estabelecidos na Lei n\u00ba 12.527\/2011 (Lei de Acesso \u00e0 Informa\u00e7\u00e3o \u2013 LAI) e na Lei n\u00ba 13.709\/2018 (Lei Geral de Prote\u00e7\u00e3o de Dados Pessoais \u2013 LGPD), especialmente no que se refere \u00e0 seguran\u00e7a da informa\u00e7\u00e3o, \u00e0 prote\u00e7\u00e3o de dados pessoais e \u00e0 preserva\u00e7\u00e3o de sua confidencialidade.<\/p>\n<p>Destaca-se, ainda, que os dados disponibilizados possuem car\u00e1ter restrito, devendo sua utiliza\u00e7\u00e3o limitar-se exclusivamente \u00e0s finalidades que motivaram a solicita\u00e7\u00e3o, sobretudo em raz\u00e3o da natureza sens\u00edvel das informa\u00e7\u00f5es e do contexto de seguran\u00e7a p\u00fablica em que est\u00e3o inseridas.<\/p>\n<p><strong>Importante esclarecer que a FenaPRF somente poder\u00e1 obter os dados necess\u00e1rios \u00e0 confec\u00e7\u00e3o dos c\u00e1lculos mediante a apresenta\u00e7\u00e3o do Termo de Consentimento junto \u00e0 PRF, permanecendo a possibilidade de solicita\u00e7\u00e3o direta pelo pr\u00f3prio benefici\u00e1rio quando o referido termo n\u00e3o estiver dispon\u00edvel para a Entidade.<\/strong><\/p>\n","protected":false},"excerpt":{"rendered":"<p>A FenaPRF, buscando conferir maior celeridade e uniformidade ao ajuizamento dos cumprimentos de senten\u00e7a decorrentes de a\u00e7\u00f5es coletivas propostas pela<span class=\"excerpt-hellip\"> [\u2026]<\/span><\/p>\n","protected":false},"author":6,"featured_media":57606,"comment_status":"closed","ping_status":"open","sticky":false,"template":"","format":"standard","meta":[],"categories":[2,8],"tags":[],"_links":{"self":[{"href":"https:\/\/fenaprf.org.br\/novo\/wp-json\/wp\/v2\/posts\/66824"}],"collection":[{"href":"https:\/\/fenaprf.org.br\/novo\/wp-json\/wp\/v2\/posts"}],"about":[{"href":"https:\/\/fenaprf.org.br\/novo\/wp-json\/wp\/v2\/types\/post"}],"author":[{"embeddable":true,"href":"https:\/\/fenaprf.org.br\/novo\/wp-json\/wp\/v2\/users\/6"}],"replies":[{"embeddable":true,"href":"https:\/\/fenaprf.org.br\/novo\/wp-json\/wp\/v2\/comments?post=66824"}],"version-history":[{"count":2,"href":"https:\/\/fenaprf.org.br\/novo\/wp-json\/wp\/v2\/posts\/66824\/revisions"}],"predecessor-version":[{"id":66826,"href":"https:\/\/fenaprf.org.br\/novo\/wp-json\/wp\/v2\/posts\/66824\/revisions\/66826"}],"wp:featuredmedia":[{"embeddable":true,"href":"https:\/\/fenaprf.org.br\/novo\/wp-json\/wp\/v2\/media\/57606"}],"wp:attachment":[{"href":"https:\/\/fenaprf.org.br\/novo\/wp-json\/wp\/v2\/media?parent=66824"}],"wp:term":[{"taxonomy":"category","embeddable":true,"href":"https:\/\/fenaprf.org.br\/novo\/wp-json\/wp\/v2\/categories?post=66824"},{"taxonomy":"post_tag","embeddable":true,"href":"https:\/\/fenaprf.org.br\/novo\/wp-json\/wp\/v2\/tags?post=66824"}],"curies":[{"name":"wp","href":"https:\/\/api.w.org\/{rel}","templated":true}]}}