{"id":66827,"date":"2026-03-27T08:49:41","date_gmt":"2026-03-27T11:49:41","guid":{"rendered":"https:\/\/fenaprf.org.br\/novo\/?p=66827"},"modified":"2026-03-27T08:49:41","modified_gmt":"2026-03-27T11:49:41","slug":"prfs-realizam-mobilizacao-nacional-por-criacao-do-fundo-de-combate-as-organizacoes-criminosas","status":"publish","type":"post","link":"https:\/\/fenaprf.org.br\/novo\/prfs-realizam-mobilizacao-nacional-por-criacao-do-fundo-de-combate-as-organizacoes-criminosas\/","title":{"rendered":"PRFs realizam mobiliza\u00e7\u00e3o nacional por cria\u00e7\u00e3o do Fundo de Combate \u00e0s Organiza\u00e7\u00f5es Criminosas"},"content":{"rendered":"<p><em>Categoria cobra isonomia entre as pol\u00edcias da Uni\u00e3o e alerta para poss\u00edvel suspens\u00e3o de atividades extraordin\u00e1rias enquanto projeto do FUNCOC segue paralisado.\u00a0<\/em><\/p>\n<p>Policiais Rodovi\u00e1rios Federais realizam nesta sexta-feira (27\/03) uma mobiliza\u00e7\u00e3o em prol da cria\u00e7\u00e3o do Fundo de Combate \u00e0s Organiza\u00e7\u00f5es Criminosas (FUNCOC), iniciativa considerada estrat\u00e9gica para o fortalecimento da seguran\u00e7a p\u00fablica federal e para o enfrentamento qualificado do crime organizado no pa\u00eds. Os atos foram definidos ap\u00f3s delibera\u00e7\u00e3o da Comiss\u00e3o de Mobiliza\u00e7\u00e3o da Federa\u00e7\u00e3o Nacional dos Policiais Rodovi\u00e1rios Federais (FenaPRF) e iniciam a partir das 14h com concentra\u00e7\u00e3o em unidades da PRF em todo o pa\u00eds. No Distrito Federal, policiais se reunir\u00e3o no Departamento da PRF, no Setor Policial Sul, em Bras\u00edlia.<\/p>\n<p>Al\u00e9m dos atos, est\u00e1 programada para a pr\u00f3xima semana uma interrup\u00e7\u00e3o de servi\u00e7os que n\u00e3o est\u00e3o legalmente previstos como atribui\u00e7\u00f5es da PRF, como as for\u00e7as-tarefa voltadas ao combate de irregularidades no setor de combust\u00edveis. A medida pode ocorrer justamente em um momento em que cresce, dentro do governo federal, a preocupa\u00e7\u00e3o com uma poss\u00edvel greve nacional de caminhoneiros, mesmo ap\u00f3s o atendimento da principal reivindica\u00e7\u00e3o da categoria: a garantia do cumprimento do piso m\u00ednimo do frete.<\/p>\n<p>A proposta de cria\u00e7\u00e3o do fundo foi apresentada ainda na gest\u00e3o do ent\u00e3o ministro Ricardo Lewandowski e prev\u00ea a destina\u00e7\u00e3o de recursos para investimentos institucionais e valoriza\u00e7\u00e3o das for\u00e7as de seguran\u00e7a da Uni\u00e3o. Atualmente, por\u00e9m, o projeto de lei encontra-se paralisada no Minist\u00e9rio da Gest\u00e3o e da Inova\u00e7\u00e3o em Servi\u00e7os P\u00fablicos (MGI).<\/p>\n<p>Policiais Rodovi\u00e1rios e outras carreiras da seguran\u00e7a p\u00fablica da Uni\u00e3o v\u00eam alertando sobre a urg\u00eancia em torno da cria\u00e7\u00e3o do FUNCOC como uma forma de valoriza\u00e7\u00e3o pelo trabalho desenvolvido pelas for\u00e7as policiais. Segundo os dados da PRF, entre 2023 e 2025, foram apreendidos: 2.109,4 toneladas de maconha; 124,6 toneladas de coca\u00edna; 4.494 armas; 1.226.514 unidades de anfetaminas; e 107.333 m\u00b3 de madeira ilegal, resultando na deten\u00e7\u00e3o de 123.545 infratores.<\/p>\n<p>\u201cOs n\u00fameros da PRF evidenciam a dimens\u00e3o do enfrentamento ao crime no Brasil: enquanto organiza\u00e7\u00f5es criminosas movimentam cerca de R$ 350 bilh\u00f5es por ano, o Estado investe menos de R$ 16 bilh\u00f5es em seguran\u00e7a p\u00fablica \u2014 \u00e9 o dinheiro do crime sendo revertido contra o pr\u00f3prio crime, sem novos custos para o cidad\u00e3o\u201d, destaca o presidente da FenaPRF, T\u00e1cio Melo.<\/p>\n<p>Outra preocupa\u00e7\u00e3o da PRF \u00e9 o tratamento ison\u00f4mico que esperam que o Poder Executivo d\u00ea aos \u00f3rg\u00e3os de seguran\u00e7a p\u00fablica. \u201cA Pol\u00edcia Rodovi\u00e1ria Federal n\u00e3o aceitar\u00e1 tratamento desigual frente \u00e0s demais carreiras policiais federais. Qualquer iniciativa relacionada ao FUNCOC ou \u00e0 valoriza\u00e7\u00e3o das for\u00e7as de seguran\u00e7a da Uni\u00e3o precisa contemplar a categoria de forma justa, sob risco de enfraquecer a coes\u00e3o e a efetividade do sistema de seguran\u00e7a p\u00fablica federal,\u201d acrescenta Melo.<\/p>\n","protected":false},"excerpt":{"rendered":"<p>Categoria cobra isonomia entre as pol\u00edcias da Uni\u00e3o e alerta para poss\u00edvel suspens\u00e3o de atividades extraordin\u00e1rias enquanto projeto do FUNCOC<span class=\"excerpt-hellip\"> [\u2026]<\/span><\/p>\n","protected":false},"author":6,"featured_media":66828,"comment_status":"closed","ping_status":"open","sticky":false,"template":"","format":"standard","meta":[],"categories":[2,6],"tags":[],"_links":{"self":[{"href":"https:\/\/fenaprf.org.br\/novo\/wp-json\/wp\/v2\/posts\/66827"}],"collection":[{"href":"https:\/\/fenaprf.org.br\/novo\/wp-json\/wp\/v2\/posts"}],"about":[{"href":"https:\/\/fenaprf.org.br\/novo\/wp-json\/wp\/v2\/types\/post"}],"author":[{"embeddable":true,"href":"https:\/\/fenaprf.org.br\/novo\/wp-json\/wp\/v2\/users\/6"}],"replies":[{"embeddable":true,"href":"https:\/\/fenaprf.org.br\/novo\/wp-json\/wp\/v2\/comments?post=66827"}],"version-history":[{"count":1,"href":"https:\/\/fenaprf.org.br\/novo\/wp-json\/wp\/v2\/posts\/66827\/revisions"}],"predecessor-version":[{"id":66829,"href":"https:\/\/fenaprf.org.br\/novo\/wp-json\/wp\/v2\/posts\/66827\/revisions\/66829"}],"wp:featuredmedia":[{"embeddable":true,"href":"https:\/\/fenaprf.org.br\/novo\/wp-json\/wp\/v2\/media\/66828"}],"wp:attachment":[{"href":"https:\/\/fenaprf.org.br\/novo\/wp-json\/wp\/v2\/media?parent=66827"}],"wp:term":[{"taxonomy":"category","embeddable":true,"href":"https:\/\/fenaprf.org.br\/novo\/wp-json\/wp\/v2\/categories?post=66827"},{"taxonomy":"post_tag","embeddable":true,"href":"https:\/\/fenaprf.org.br\/novo\/wp-json\/wp\/v2\/tags?post=66827"}],"curies":[{"name":"wp","href":"https:\/\/api.w.org\/{rel}","templated":true}]}}