{"id":66863,"date":"2026-04-29T22:21:52","date_gmt":"2026-04-30T01:21:52","guid":{"rendered":"https:\/\/fenaprf.org.br\/novo\/?p=66863"},"modified":"2026-04-30T08:47:11","modified_gmt":"2026-04-30T11:47:11","slug":"fenaprf-participa-de-reuniao-na-sede-da-prf-e-apresenta-demandas-da-categoria","status":"publish","type":"post","link":"https:\/\/fenaprf.org.br\/novo\/fenaprf-participa-de-reuniao-na-sede-da-prf-e-apresenta-demandas-da-categoria\/","title":{"rendered":"FenaPRF participa de reuni\u00e3o na sede da PRF e apresenta demandas da categoria"},"content":{"rendered":"<p>Representantes da Federa\u00e7\u00e3o Nacional dos Policiais Rodovi\u00e1rios Federais (FenaPRF) participaram, nesta ter\u00e7a-feira (29), de reuni\u00e3o com o diretor de Gest\u00e3o de Pessoas da pol\u00edcia, PRF R. Silva.<\/p>\n<p>Entre os temas discutidos esteve a Instru\u00e7\u00e3o de Servi\u00e7o n\u00ba. 44, que trata das folgas em feriados. Conforme informado durante o encontro, j\u00e1 de forma imediata, a orienta\u00e7\u00e3o \u00e9 para que a previs\u00e3o conste nas ordens de miss\u00e3o expedidas pela administra\u00e7\u00e3o, seguindo direcionamento da Diretoria de Opera\u00e7\u00f5es (DIOP). At\u00e9 a edi\u00e7\u00e3o de nova norma, haver\u00e1 discricionariedade dos superintendentes regionais para ado\u00e7\u00e3o das medidas cab\u00edveis.<\/p>\n<p>Outro ponto levado pela FenaPRF foi que a participa\u00e7\u00e3o de servidores em competi\u00e7\u00f5es esportivas, tanto nos jogos internos dos PRFs quanto em eventos externos nos quais o policial esteja representando institucionalmente a PRF, seja computada como horas de atividade esportiva.<\/p>\n<p>Tamb\u00e9m foi tratada a preocupa\u00e7\u00e3o da entidade quanto \u00e0 aloca\u00e7\u00e3o do efetivo da UniPRF, diante das mudan\u00e7as em curso, tema considerado sens\u00edvel para o planejamento institucional e para a valoriza\u00e7\u00e3o dos servidores envolvidos.<\/p>\n<p>A Federa\u00e7\u00e3o apresentou \u00e0 DGP os anseios da categoria relacionados \u00e0 regulamenta\u00e7\u00e3o da Medida Provis\u00f3ria n\u00ba. 1348\/2026, refor\u00e7ando a import\u00e2ncia de que a implementa\u00e7\u00e3o das medidas ocorra com seguran\u00e7a jur\u00eddica, transpar\u00eancia e observ\u00e2ncia aos interesses dos policiais rodovi\u00e1rios federais.<\/p>\n<p>Al\u00e9m do diretor de Gest\u00e3o de Pessoas da PRF, participaram da reuni\u00e3o o vice-presidente da FenaPRF, Jos\u00e9 Henrique; o diretor de secretaria, F\u00e1bio Almeida, os diretores de comunica\u00e7\u00e3o, Everson Feuser e Wanderley Alves; e o coordenador de sa\u00fade da Federa\u00e7\u00e3o, Paulo Roberto Coelho.<\/p>\n","protected":false},"excerpt":{"rendered":"<p>Representantes da Federa\u00e7\u00e3o Nacional dos Policiais Rodovi\u00e1rios Federais (FenaPRF) participaram, nesta ter\u00e7a-feira (29), de reuni\u00e3o com o diretor de Gest\u00e3o<span class=\"excerpt-hellip\"> [\u2026]<\/span><\/p>\n","protected":false},"author":6,"featured_media":66864,"comment_status":"closed","ping_status":"open","sticky":false,"template":"","format":"standard","meta":[],"categories":[2,6],"tags":[],"_links":{"self":[{"href":"https:\/\/fenaprf.org.br\/novo\/wp-json\/wp\/v2\/posts\/66863"}],"collection":[{"href":"https:\/\/fenaprf.org.br\/novo\/wp-json\/wp\/v2\/posts"}],"about":[{"href":"https:\/\/fenaprf.org.br\/novo\/wp-json\/wp\/v2\/types\/post"}],"author":[{"embeddable":true,"href":"https:\/\/fenaprf.org.br\/novo\/wp-json\/wp\/v2\/users\/6"}],"replies":[{"embeddable":true,"href":"https:\/\/fenaprf.org.br\/novo\/wp-json\/wp\/v2\/comments?post=66863"}],"version-history":[{"count":2,"href":"https:\/\/fenaprf.org.br\/novo\/wp-json\/wp\/v2\/posts\/66863\/revisions"}],"predecessor-version":[{"id":66866,"href":"https:\/\/fenaprf.org.br\/novo\/wp-json\/wp\/v2\/posts\/66863\/revisions\/66866"}],"wp:featuredmedia":[{"embeddable":true,"href":"https:\/\/fenaprf.org.br\/novo\/wp-json\/wp\/v2\/media\/66864"}],"wp:attachment":[{"href":"https:\/\/fenaprf.org.br\/novo\/wp-json\/wp\/v2\/media?parent=66863"}],"wp:term":[{"taxonomy":"category","embeddable":true,"href":"https:\/\/fenaprf.org.br\/novo\/wp-json\/wp\/v2\/categories?post=66863"},{"taxonomy":"post_tag","embeddable":true,"href":"https:\/\/fenaprf.org.br\/novo\/wp-json\/wp\/v2\/tags?post=66863"}],"curies":[{"name":"wp","href":"https:\/\/api.w.org\/{rel}","templated":true}]}}