{"id":66867,"date":"2026-04-30T12:04:53","date_gmt":"2026-04-30T15:04:53","guid":{"rendered":"https:\/\/fenaprf.org.br\/novo\/?p=66867"},"modified":"2026-04-30T12:04:53","modified_gmt":"2026-04-30T15:04:53","slug":"fenaprf-marca-presenca-em-oficina-de-combate-a-violencia-contra-a-mulher-promovida-na-sede-da-prf","status":"publish","type":"post","link":"https:\/\/fenaprf.org.br\/novo\/fenaprf-marca-presenca-em-oficina-de-combate-a-violencia-contra-a-mulher-promovida-na-sede-da-prf\/","title":{"rendered":"FenaPRF marca presen\u00e7a em oficina de combate \u00e0 viol\u00eancia contra a mulher promovida na sede da PRF"},"content":{"rendered":"<p>A Federa\u00e7\u00e3o Nacional dos Policiais Rodovi\u00e1rios Federais (FenaPRF) participou, nesta ter\u00e7a-feira (28), de atividade realizada na Sede Nacional da Pol\u00edcia Rodovi\u00e1ria Federal, em Bras\u00edlia, voltada \u00e0 conscientiza\u00e7\u00e3o e ao enfrentamento da viol\u00eancia contra a mulher.<\/p>\n<p>Representando a entidade, as coordenadoras de Mulheres da FenaPRF, Vanilza Felix e Lucilene Rocha acompanharam a oficina Todos Por Todas, a\u00e7\u00e3o promovida em parceria com o Minist\u00e9rio das Mulheres e inserida nas iniciativas do Pacto Nacional Brasil contra o Feminic\u00eddio.<\/p>\n<p>O encontro teve como objetivo estimular o debate sobre preven\u00e7\u00e3o \u00e0 viol\u00eancia de g\u00eanero, fortalecimento de pol\u00edticas p\u00fablicas e constru\u00e7\u00e3o de ambientes institucionais cada vez mais seguros e respeitosos para as mulheres.<\/p>\n<p>A condu\u00e7\u00e3o da atividade ficou a cargo do coordenador-geral de Infraestrutura para Pol\u00edticas P\u00fablicas do Minist\u00e9rio das Mulheres, Marcelo Pontes, que apresentou reflex\u00f5es e estrat\u00e9gias inspiradas no movimento internacional HeForShe (ElesPor Elas), criado pela ONU Mulheres para incentivar o engajamento coletivo nessa pauta.<\/p>\n<p>A participa\u00e7\u00e3o da FenaPRF refor\u00e7a o compromisso da entidade com a valoriza\u00e7\u00e3o das mulheres policiais rodovi\u00e1rias federais e com o apoio a iniciativas que promovam igualdade, respeito e prote\u00e7\u00e3o dentro e fora das institui\u00e7\u00f5es p\u00fablicas.<\/p>\n","protected":false},"excerpt":{"rendered":"<p>A Federa\u00e7\u00e3o Nacional dos Policiais Rodovi\u00e1rios Federais (FenaPRF) participou, nesta ter\u00e7a-feira (28), de atividade realizada na Sede Nacional da Pol\u00edcia<span class=\"excerpt-hellip\"> [\u2026]<\/span><\/p>\n","protected":false},"author":6,"featured_media":66868,"comment_status":"closed","ping_status":"open","sticky":false,"template":"","format":"standard","meta":[],"categories":[2,6],"tags":[],"_links":{"self":[{"href":"https:\/\/fenaprf.org.br\/novo\/wp-json\/wp\/v2\/posts\/66867"}],"collection":[{"href":"https:\/\/fenaprf.org.br\/novo\/wp-json\/wp\/v2\/posts"}],"about":[{"href":"https:\/\/fenaprf.org.br\/novo\/wp-json\/wp\/v2\/types\/post"}],"author":[{"embeddable":true,"href":"https:\/\/fenaprf.org.br\/novo\/wp-json\/wp\/v2\/users\/6"}],"replies":[{"embeddable":true,"href":"https:\/\/fenaprf.org.br\/novo\/wp-json\/wp\/v2\/comments?post=66867"}],"version-history":[{"count":1,"href":"https:\/\/fenaprf.org.br\/novo\/wp-json\/wp\/v2\/posts\/66867\/revisions"}],"predecessor-version":[{"id":66869,"href":"https:\/\/fenaprf.org.br\/novo\/wp-json\/wp\/v2\/posts\/66867\/revisions\/66869"}],"wp:featuredmedia":[{"embeddable":true,"href":"https:\/\/fenaprf.org.br\/novo\/wp-json\/wp\/v2\/media\/66868"}],"wp:attachment":[{"href":"https:\/\/fenaprf.org.br\/novo\/wp-json\/wp\/v2\/media?parent=66867"}],"wp:term":[{"taxonomy":"category","embeddable":true,"href":"https:\/\/fenaprf.org.br\/novo\/wp-json\/wp\/v2\/categories?post=66867"},{"taxonomy":"post_tag","embeddable":true,"href":"https:\/\/fenaprf.org.br\/novo\/wp-json\/wp\/v2\/tags?post=66867"}],"curies":[{"name":"wp","href":"https:\/\/api.w.org\/{rel}","templated":true}]}}