{"id":66959,"date":"2026-08-31T22:09:59","date_gmt":"2026-09-01T01:09:59","guid":{"rendered":"https:\/\/fenaprf.org.br\/novo\/?p=66959"},"modified":"2026-08-31T22:11:21","modified_gmt":"2026-09-01T01:11:21","slug":"pec-da-seguranca-publica-entra-em-pauta-na-ccj-fenaprf-acompanha-votacao-no-congresso-nacional","status":"publish","type":"post","link":"https:\/\/fenaprf.org.br\/novo\/pec-da-seguranca-publica-entra-em-pauta-na-ccj-fenaprf-acompanha-votacao-no-congresso-nacional\/","title":{"rendered":"PEC da Seguran\u00e7a P\u00fablica entra em pauta na CCJ; FenaPRF acompanha vota\u00e7\u00e3o no Congresso Nacional"},"content":{"rendered":"<p>A Proposta de Emenda \u00e0 Constitui\u00e7\u00e3o n\u00ba 18\/2025, conhecida como PEC da Seguran\u00e7a P\u00fablica, entra na pauta de vota\u00e7\u00e3o da Comiss\u00e3o de Constitui\u00e7\u00e3o e Justi\u00e7a (CCJ) do Senado Federal na manh\u00e3 desta quarta-feira (2). A proposta representa um dos principais projetos em tramita\u00e7\u00e3o na \u00e1rea da seguran\u00e7a p\u00fablica e \u00e9 considerada estrat\u00e9gica para o fortalecimento da Pol\u00edcia Rodovi\u00e1ria Federal e do Sistema \u00danico de Seguran\u00e7a P\u00fablica (SUSP).<\/p>\n<p>A Federa\u00e7\u00e3o Nacional dos Policiais Rodovi\u00e1rios Federais (FenaPRF) estar\u00e1 presente no Congresso Nacional para acompanhar a vota\u00e7\u00e3o in loco, realizando um intenso trabalho de aproxima\u00e7\u00e3o e articula\u00e7\u00e3o junto aos parlamentares que integram a comiss\u00e3o.<\/p>\n<p>A atua\u00e7\u00e3o da Federa\u00e7\u00e3o tem como objetivo refor\u00e7ar a import\u00e2ncia da aprova\u00e7\u00e3o da PEC e defender pontos considerados fundamentais para a Pol\u00edcia Rodovi\u00e1ria Federal, especialmente aqueles relacionados ao fortalecimento institucional da corpora\u00e7\u00e3o e \u00e0 amplia\u00e7\u00e3o de sua atua\u00e7\u00e3o na prote\u00e7\u00e3o da infraestrutura log\u00edstica nacional, incluindo rodovias, ferrovias e hidrovias.<\/p>\n<p>Ao longo das \u00faltimas semanas, a FenaPRF intensificou as agendas no Congresso Nacional, reunindo-se com deputados e senadores, al\u00e9m de representantes do Governo Federal, para apresentar as contribui\u00e7\u00f5es da categoria \u00e0 proposta e sensibilizar parlamentares sobre a relev\u00e2ncia da mat\u00e9ria para a seguran\u00e7a p\u00fablica brasileira.<\/p>\n<p>A PEC da Seguran\u00e7a P\u00fablica altera dispositivos da Constitui\u00e7\u00e3o Federal para ampliar a integra\u00e7\u00e3o entre Uni\u00e3o, estados, Distrito Federal e munic\u00edpios nas pol\u00edticas de seguran\u00e7a p\u00fablica, al\u00e9m de consolidar o Sistema \u00danico de Seguran\u00e7a P\u00fablica (SUSP) no texto constitucional.<\/p>\n<p>A FenaPRF seguir\u00e1 acompanhando toda a tramita\u00e7\u00e3o da proposta e manter\u00e1 a categoria informada sobre os desdobramentos da vota\u00e7\u00e3o desta quarta-feira.<\/p>\n","protected":false},"excerpt":{"rendered":"<p>A Proposta de Emenda \u00e0 Constitui\u00e7\u00e3o n\u00ba 18\/2025, conhecida como PEC da Seguran\u00e7a P\u00fablica, entra na pauta de vota\u00e7\u00e3o da<span class=\"excerpt-hellip\"> [\u2026]<\/span><\/p>\n","protected":false},"author":6,"featured_media":66961,"comment_status":"closed","ping_status":"open","sticky":false,"template":"","format":"standard","meta":[],"categories":[2,4],"tags":[],"_links":{"self":[{"href":"https:\/\/fenaprf.org.br\/novo\/wp-json\/wp\/v2\/posts\/66959"}],"collection":[{"href":"https:\/\/fenaprf.org.br\/novo\/wp-json\/wp\/v2\/posts"}],"about":[{"href":"https:\/\/fenaprf.org.br\/novo\/wp-json\/wp\/v2\/types\/post"}],"author":[{"embeddable":true,"href":"https:\/\/fenaprf.org.br\/novo\/wp-json\/wp\/v2\/users\/6"}],"replies":[{"embeddable":true,"href":"https:\/\/fenaprf.org.br\/novo\/wp-json\/wp\/v2\/comments?post=66959"}],"version-history":[{"count":1,"href":"https:\/\/fenaprf.org.br\/novo\/wp-json\/wp\/v2\/posts\/66959\/revisions"}],"predecessor-version":[{"id":66960,"href":"https:\/\/fenaprf.org.br\/novo\/wp-json\/wp\/v2\/posts\/66959\/revisions\/66960"}],"wp:featuredmedia":[{"embeddable":true,"href":"https:\/\/fenaprf.org.br\/novo\/wp-json\/wp\/v2\/media\/66961"}],"wp:attachment":[{"href":"https:\/\/fenaprf.org.br\/novo\/wp-json\/wp\/v2\/media?parent=66959"}],"wp:term":[{"taxonomy":"category","embeddable":true,"href":"https:\/\/fenaprf.org.br\/novo\/wp-json\/wp\/v2\/categories?post=66959"},{"taxonomy":"post_tag","embeddable":true,"href":"https:\/\/fenaprf.org.br\/novo\/wp-json\/wp\/v2\/tags?post=66959"}],"curies":[{"name":"wp","href":"https:\/\/api.w.org\/{rel}","templated":true}]}}